{"id":1555,"date":"2017-02-23T11:02:16","date_gmt":"2017-02-23T10:02:16","guid":{"rendered":"https:\/\/www.maistic.com\/?p=1555"},"modified":"2021-08-20T11:02:40","modified_gmt":"2021-08-20T09:02:40","slug":"50-000-kr-til-plastic-change-og-hvorfor-din-stemme-af-afgorende-i-kampen-mod-mikroplast","status":"publish","type":"post","link":"https:\/\/nysck.com\/mbymarijke\/50-000-kr-til-plastic-change-og-hvorfor-din-stemme-af-afgorende-i-kampen-mod-mikroplast\/","title":{"rendered":"50.000 kr. til Plastic Change \u2013 og hvorfor din stemme af afg\u00f8rende i kampen mod mikroplast"},"content":{"rendered":"\n<p>Maistic og Plastic Change \u2013 den danske milj\u00f8organisation, der k\u00e6mper for et plastfrit hav \u2013 slog i efter\u00e5ret kr\u00e6fterne sammen i kampen mod mikroplast. Missionen var helt klar: Der skulle mikroplastfri klude p\u00e5 supermarkedernes hylder. Hvorfor?<\/p>\n\n\n\n<ul class=\"wp-block-list\"><li>Supermarkedet er vores prim\u00e6re indk\u00f8bssted \u2013 der er det nemmest og mest bekvemt at k\u00f8be ind og v\u00e6lge de plastfyldte lyser\u00f8de klude fra.<\/li><li>Udledning af mikroplast er et nyt milj\u00f8hensyn, som bekymrer mange danskere. Produkter uden overfl\u00f8dig plast \u2013 eksempelvis plastik i vores reng\u00f8ringsartikler \u2013 er et sted, vi som forbrugere nemt, billigt og uden store vane-\u00e6ndringer uhyre nemt kan g\u00f8re en forskel.<\/li><li>Og ikke mindst: Supermarkeder er st\u00e6rke akt\u00f8rer p\u00e5 forbrugeromr\u00e5det. Kun med deres st\u00f8tte kan vi komme plastforurening og de lyser\u00f8de plastfyldte klude til livs. Og allerhelst helt v\u00e6k fra supermarkedernes hylder.<\/li><\/ul>\n\n\n\n<p><strong>Missionen lykkedes<\/strong><\/p>\n\n\n\n<p>I efter\u00e5rets kampagneperiode tog 5 supermarkedsk\u00e6der den s\u00e6rlige kampagneklud til sig og markedsf\u00f8rte og solgte den til fordel for Plastic Change.<\/p>\n\n\n\n<p>Med 1 krone pr solgt pakke klude blev det til 50.000 kr, som Plastic Change har f\u00e5et og nu kan bruge til forskning og oplysning om mikroplast.<\/p>\n\n\n\n<p>Med 3 klude pr. pakke kom der 150.000 mikroplastfri klude ud i danskernes k\u00f8kkener.<\/p>\n\n\n\n<p>Det er mange. Og milj\u00f8et blev med kampagnen sparet for millioner af\u00a0sm\u00e5 stykker plastik.<\/p>\n\n\n\n<p><strong>Men kampagnen satte ogs\u00e5 en k\u00e6dereaktion i gang<\/strong><\/p>\n\n\n\n<p>N\u00f8jagtig som h\u00e5bet, s\u00e5 fik supermarkedernes indk\u00f8bere \u00f8jnene op for forbrugernes krav mikroplastfri reng\u00f8ringsartikler. De tog kludene i fast sortiment. Og i dag,&nbsp;fem m\u00e5neder efter kampagnestart, kan du f\u00e5 mikroplastfri altmuligklude i 5 supermarkedsk\u00e6der, pr\u00e6cis n\u00e5r du har lyst.<\/p>\n\n\n\n<blockquote class=\"wp-block-quote is-layout-flow wp-block-quote-is-layout-flow\"><p>Dermed har kampagne bevirket, at milj\u00f8et allerede er&nbsp;sparet for adskillige millioner stykker mikroplast.<\/p><\/blockquote>\n\n\n\n<p>Maistics pakke med 5 klude Fri for Mikroplast \u2013 eller bare Maistic-kludene, som vi ofte ser dem kaldt \u2013 ligger nu fast p\u00e5 hylderne i SuperBrugsen, Irma, f\u00f8tex, Bilka og Kvickly. Netto og fakta har dem somme tider, men ikke fast.<\/p>\n\n\n\n<p><strong>Forbrugeraktivisme \u2013 det virker<\/strong><\/p>\n\n\n\n<p>Hvad du m\u00e5ske ikke ved, er at flere af k\u00e6derne tog beslutningen om at l\u00e6gge mikroplastfrit p\u00e5 hylderne P\u00c5 GRUND AF DIG.<\/p>\n\n\n\n<p>Rigtig mange af jer skrev p\u00e5 butikker og supermarkeders Facebooksider, skrev til deres forbrugerservice-afdeling og spurgte i butikkerne, om de ville f\u00e5 dem. I tog begejstrede billeder af jeres k\u00f8b andre steder og taggede p\u00e5 livet l\u00f8s p\u00e5 Facebook og Instagram. Fortalte, at I gerne ville k\u00f8be Maistic-kludene hos dem.<\/p>\n\n\n\n<figure class=\"wp-block-image\"><img decoding=\"async\" src=\"https:\/\/mk0maistic9lhwyhtn73.kinstacdn.com\/wp-content\/uploads\/2017\/02\/foto-opslag-plasticchange-800x409.jpg\" alt=\"\" class=\"wp-image-5148\"\/><\/figure>\n","protected":false},"excerpt":{"rendered":"Maistic og Plastic Change \u2013 den danske milj\u00f8organisation, der k\u00e6mper for et plastfrit hav \u2013 slog i efter\u00e5ret kr\u00e6fterne sammen i kampen mod mikroplast. Missionen var helt klar: Der skulle mikroplastfri klude p\u00e5 supermarkedernes hylder. Hvorfor? Supermarkedet er vores prim\u00e6re&#8230;","protected":false},"author":1,"featured_media":1556,"comment_status":"closed","ping_status":"open","sticky":false,"template":"","format":"standard","meta":{"footnotes":""},"categories":[5],"tags":[],"class_list":["post-1555","post","type-post","status-publish","format-standard","has-post-thumbnail","hentry","category-collaborating"],"acf":[],"_links":{"self":[{"href":"https:\/\/nysck.com\/mbymarijke\/wp-json\/wp\/v2\/posts\/1555","targetHints":{"allow":["GET"]}}],"collection":[{"href":"https:\/\/nysck.com\/mbymarijke\/wp-json\/wp\/v2\/posts"}],"about":[{"href":"https:\/\/nysck.com\/mbymarijke\/wp-json\/wp\/v2\/types\/post"}],"author":[{"embeddable":true,"href":"https:\/\/nysck.com\/mbymarijke\/wp-json\/wp\/v2\/users\/1"}],"replies":[{"embeddable":true,"href":"https:\/\/nysck.com\/mbymarijke\/wp-json\/wp\/v2\/comments?post=1555"}],"version-history":[{"count":1,"href":"https:\/\/nysck.com\/mbymarijke\/wp-json\/wp\/v2\/posts\/1555\/revisions"}],"predecessor-version":[{"id":1557,"href":"https:\/\/nysck.com\/mbymarijke\/wp-json\/wp\/v2\/posts\/1555\/revisions\/1557"}],"wp:featuredmedia":[{"embeddable":true,"href":"https:\/\/nysck.com\/mbymarijke\/wp-json\/wp\/v2\/media\/1556"}],"wp:attachment":[{"href":"https:\/\/nysck.com\/mbymarijke\/wp-json\/wp\/v2\/media?parent=1555"}],"wp:term":[{"taxonomy":"category","embeddable":true,"href":"https:\/\/nysck.com\/mbymarijke\/wp-json\/wp\/v2\/categories?post=1555"},{"taxonomy":"post_tag","embeddable":true,"href":"https:\/\/nysck.com\/mbymarijke\/wp-json\/wp\/v2\/tags?post=1555"}],"curies":[{"name":"wp","href":"https:\/\/api.w.org\/{rel}","templated":true}]}}