{"id":1528,"date":"2018-07-11T10:25:39","date_gmt":"2018-07-11T08:25:39","guid":{"rendered":"https:\/\/www.maistic.com\/?p=1528"},"modified":"2021-08-20T11:03:23","modified_gmt":"2021-08-20T09:03:23","slug":"maistic-vinder-kopi-sag-anlagt-mod-suztain-a-s","status":"publish","type":"post","link":"https:\/\/nysck.com\/mbymarijke\/maistic-vinder-kopi-sag-anlagt-mod-suztain-a-s\/","title":{"rendered":"Maistic vinder kopi-sag anlagt mod Suztain A\/S"},"content":{"rendered":"\n<h3 class=\"wp-block-heading\"><strong>Suztain A\/S har kr\u00e6nket Maistics rettigheder og skal tr\u00e6kke komposterbare fryseposer tilbage fra handlen, dvs fra butikker, distribut\u00f8rer og forhandlere. Det har S\u00f8- og Handelsretten afgjort.<\/strong><\/h3>\n\n\n\n<p>Maistic Bio Group m\u00e5tte i efter\u00e5ret 2017 efter forg\u00e6ves fors\u00f8g p\u00e5 m\u00e6gling tr\u00e6kke Suztain A\/S i retten for en r\u00e6kke overtr\u00e6delser af markedsf\u00f8ringsloven.<\/p>\n\n\n\n<p>I slutningen af april 2018 afsagde S\u00f8- og Handelsretten s\u00e5 kendelse i sagen, der omhandler salg og markedsf\u00f8ring af komposterbare fryseposer med en hel r\u00e6kke lighedstegn med Maistics komposterbare fryseposer.<\/p>\n\n\n\n<p>Retten fandt, at Maistic har godtgjort, at Suztains emballager indeb\u00e6rer en snyltning p\u00e5 Maistics kendetegn i strid med bl.a. markedsf\u00f8ringslovens \u00a7\u00a7 3 og 22.<\/p>\n\n\n\n<p>Derfor nedlagde retten forbud i sagen. Det betyder, at Suztain ikke l\u00e6ngere m\u00e5 markedsf\u00f8re og s\u00e6lge deres poser i den kr\u00e6nkende emballage, og at poserne inden for 14 dage skulle tr\u00e6kkes tilbage fra handelen. Her i juli 2018 m\u00e5 Maistic desv\u00e6rre konstatere gennem pr\u00f8vek\u00f8b, at det ikke er sket alle steder.<\/p>\n\n\n\n<p><strong>Ikke en \u2018ny forbedret version\u2019<\/strong><\/p>\n\n\n\n<p>Suztain har desuden foretaget ulovlig sammenlignende reklame i strid med markedsf\u00f8ringslovens \u00a7 21, stk. 2, ligesom de har handlet i strid med markedsf\u00f8ringslovens \u00a7 5. Suztain forbydes dermed at g\u00f8re brug af begrebet \u201dny forbedret version\u201d.<\/p>\n\n\n\n<p>Suztain A\/S kunne i retten ikke bevise, at der var tale om en bedre version. Desuden er det if\u00f8lge markedsf\u00f8ringsloven ikke lovligt at sammenligne og markedsf\u00f8re sig som bedre end andre virksomheder og deres produkter eller ydelser.<\/p>\n\n\n\n<p>Stifter og bestyrelsesformand i Maistic Bio Group, Heidi von B\u00fclow, beklager sagen.<\/p>\n\n\n\n<p>\u201c<em>Det er meget trist, at man kan komme dertil, hvor man m\u00e5 anl\u00e6gge sag mod en dansk tidligere kunde og samarbejdspartner for ulovlig sammenlignende reklame, kopiering og snyltning p\u00e5 vores brand og dermed ogs\u00e5 vores forel\u00f8big 3 \u00e5r lange rejse for at skabe og tilbyde plastfri alternativer. Jeg h\u00e5ber virkelig ikke, at det vil blive n\u00f8dvendigt igen \u2013 hverken her i Danmark eller i udlandet.<\/em>\u201d<\/p>\n\n\n\n<p>Retten bestemt i forbindelse med kendelsen, at Suztain A\/S skal betale sagens omkostninger til Maistic Bio Group.<\/p>\n\n\n\n<p>S\u00f8- og Handelsretten vil senere skulle beregne erstatning i sagen. Maistic har forel\u00f8big opgjort kravet til 1,2 millioner kroner.<\/p>\n","protected":false},"excerpt":{"rendered":"Suztain A\/S har kr\u00e6nket Maistics rettigheder og skal tr\u00e6kke komposterbare fryseposer tilbage fra handlen, dvs fra butikker, distribut\u00f8rer og forhandlere. Det har S\u00f8- og Handelsretten afgjort. Maistic Bio Group m\u00e5tte i efter\u00e5ret 2017 efter forg\u00e6ves fors\u00f8g p\u00e5 m\u00e6gling tr\u00e6kke Suztain&#8230;","protected":false},"author":1,"featured_media":1531,"comment_status":"closed","ping_status":"open","sticky":false,"template":"","format":"standard","meta":{"footnotes":""},"categories":[4],"tags":[],"class_list":["post-1528","post","type-post","status-publish","format-standard","has-post-thumbnail","hentry","category-in-the-media"],"acf":[],"_links":{"self":[{"href":"https:\/\/nysck.com\/mbymarijke\/wp-json\/wp\/v2\/posts\/1528","targetHints":{"allow":["GET"]}}],"collection":[{"href":"https:\/\/nysck.com\/mbymarijke\/wp-json\/wp\/v2\/posts"}],"about":[{"href":"https:\/\/nysck.com\/mbymarijke\/wp-json\/wp\/v2\/types\/post"}],"author":[{"embeddable":true,"href":"https:\/\/nysck.com\/mbymarijke\/wp-json\/wp\/v2\/users\/1"}],"replies":[{"embeddable":true,"href":"https:\/\/nysck.com\/mbymarijke\/wp-json\/wp\/v2\/comments?post=1528"}],"version-history":[{"count":1,"href":"https:\/\/nysck.com\/mbymarijke\/wp-json\/wp\/v2\/posts\/1528\/revisions"}],"predecessor-version":[{"id":1532,"href":"https:\/\/nysck.com\/mbymarijke\/wp-json\/wp\/v2\/posts\/1528\/revisions\/1532"}],"wp:featuredmedia":[{"embeddable":true,"href":"https:\/\/nysck.com\/mbymarijke\/wp-json\/wp\/v2\/media\/1531"}],"wp:attachment":[{"href":"https:\/\/nysck.com\/mbymarijke\/wp-json\/wp\/v2\/media?parent=1528"}],"wp:term":[{"taxonomy":"category","embeddable":true,"href":"https:\/\/nysck.com\/mbymarijke\/wp-json\/wp\/v2\/categories?post=1528"},{"taxonomy":"post_tag","embeddable":true,"href":"https:\/\/nysck.com\/mbymarijke\/wp-json\/wp\/v2\/tags?post=1528"}],"curies":[{"name":"wp","href":"https:\/\/api.w.org\/{rel}","templated":true}]}}